{"id":1745,"date":"2023-04-25T18:17:52","date_gmt":"2023-04-25T18:17:52","guid":{"rendered":"https:\/\/www.kita-gwunderland.ch\/go\/?p=1745"},"modified":"2024-08-29T18:09:17","modified_gmt":"2024-08-29T18:09:17","slug":"schuelerhort-weesen-ab-august-2023","status":"publish","type":"post","link":"https:\/\/www.kita-gwunderland.ch\/go\/index.php\/2023\/04\/25\/schuelerhort-weesen-ab-august-2023\/","title":{"rendered":"Neuer\u00f6ffnung Sch\u00fclerhort in Weesen"},"content":{"rendered":"\t\t<div data-elementor-type=\"wp-post\" data-elementor-id=\"1745\" class=\"elementor elementor-1745\">\n\t\t\t\t\t\t<section class=\"elementor-section elementor-top-section elementor-element elementor-element-3ccce677 elementor-section-boxed elementor-section-height-default elementor-section-height-default wpr-particle-no wpr-jarallax-no wpr-parallax-no wpr-sticky-section-no\" data-id=\"3ccce677\" data-element_type=\"section\" data-e-type=\"section\">\n\t\t\t\t\t\t<div class=\"elementor-container elementor-column-gap-default\">\n\t\t\t\t\t<div class=\"elementor-column elementor-col-100 elementor-top-column elementor-element elementor-element-910d2a7\" data-id=\"910d2a7\" data-element_type=\"column\" data-e-type=\"column\">\n\t\t\t<div class=\"elementor-widget-wrap elementor-element-populated\">\n\t\t\t\t\t\t<div class=\"elementor-element elementor-element-f6ca3a4 elementor-widget elementor-widget-text-editor\" data-id=\"f6ca3a4\" data-element_type=\"widget\" data-e-type=\"widget\" data-widget_type=\"text-editor.default\">\n\t\t\t\t<div class=\"elementor-widget-container\">\n\t\t\t\t\t\t\t\t\t\n<p>Ab August 2023 d\u00fcrfen wir im Auftrag der Primarschule Weesen in den Schulr\u00e4umlichkeiten in Weesen einen Sch\u00fclerhort betreiben.\u00a0<\/p>\n\n<p>Die Dokumente werden aktuell neu erstellt. Der neue Sch\u00fclerhort in Weesen wird grunds\u00e4tzlich wie der bestehende Sch\u00fclerhort in Sch\u00e4nis betrieben. Informationen zu den aktuell g\u00fcltigen Tarifen bzw. den Betreuungsbedingungen erhalten Sie <a href=\"https:\/\/www.kita-gwunderland.ch\/go\/index.php\/download\/\">hier<\/a>.<\/p>\n\t\t\t\t\t\t\t\t<\/div>\n\t\t\t\t<\/div>\n\t\t\t\t\t<\/div>\n\t\t<\/div>\n\t\t\t\t\t<\/div>\n\t\t<\/section>\n\t\t\t\t<\/div>\n\t\t","protected":false},"excerpt":{"rendered":"<p>Ab August 2023 d\u00fcrfen wir im Auftrag der Primarschule Weesen in den Schulr\u00e4umlichkeiten in Weesen einen Sch\u00fclerhort betreiben.\u00a0 Die Dokumente werden aktuell neu erstellt. Der neue Sch\u00fclerhort in Weesen wird grunds\u00e4tzlich wie der bestehende Sch\u00fclerhort in Sch\u00e4nis betrieben. Informationen zu den aktuell g\u00fcltigen Tarifen bzw. den Betreuungsbedingungen erhalten Sie hier.<\/p>\n","protected":false},"author":1,"featured_media":2162,"comment_status":"open","ping_status":"open","sticky":false,"template":"","format":"standard","meta":{"footnotes":""},"categories":[24],"tags":[],"class_list":["post-1745","post","type-post","status-publish","format-standard","has-post-thumbnail","hentry","category-news"],"yoast_head":"<!-- This site is optimized with the Yoast SEO plugin v27.0 - https:\/\/yoast.com\/product\/yoast-seo-wordpress\/ -->\n<title>Neuer\u00f6ffnung Sch\u00fclerhort in Weesen - Kita Gwunderland<\/title>\n<meta name=\"robots\" content=\"index, follow, max-snippet:-1, max-image-preview:large, max-video-preview:-1\" \/>\n<link rel=\"canonical\" href=\"https:\/\/www.kita-gwunderland.ch\/go\/index.php\/2023\/04\/25\/schuelerhort-weesen-ab-august-2023\/\" \/>\n<meta property=\"og:locale\" content=\"de_DE\" \/>\n<meta property=\"og:type\" content=\"article\" \/>\n<meta property=\"og:title\" content=\"Neuer\u00f6ffnung Sch\u00fclerhort in Weesen - Kita Gwunderland\" \/>\n<meta property=\"og:description\" content=\"Ab August 2023 d\u00fcrfen wir im Auftrag der Primarschule Weesen in den Schulr\u00e4umlichkeiten in Weesen einen Sch\u00fclerhort betreiben.\u00a0 Die Dokumente werden aktuell neu erstellt. Der neue Sch\u00fclerhort in Weesen wird grunds\u00e4tzlich wie der bestehende Sch\u00fclerhort in Sch\u00e4nis betrieben. Informationen zu den aktuell g\u00fcltigen Tarifen bzw. den Betreuungsbedingungen erhalten Sie hier.\" \/>\n<meta property=\"og:url\" content=\"https:\/\/www.kita-gwunderland.ch\/go\/index.php\/2023\/04\/25\/schuelerhort-weesen-ab-august-2023\/\" \/>\n<meta property=\"og:site_name\" content=\"Kita Gwunderland\" \/>\n<meta property=\"article:published_time\" content=\"2023-04-25T18:17:52+00:00\" \/>\n<meta property=\"article:modified_time\" content=\"2024-08-29T18:09:17+00:00\" \/>\n<meta property=\"og:image\" content=\"https:\/\/www.kita-gwunderland.ch\/go\/wp-content\/uploads\/2023\/04\/Logo_News.jpg\" \/>\n\t<meta property=\"og:image:width\" content=\"582\" \/>\n\t<meta property=\"og:image:height\" content=\"398\" \/>\n\t<meta property=\"og:image:type\" content=\"image\/jpeg\" \/>\n<meta name=\"author\" content=\"admin\" \/>\n<meta name=\"twitter:card\" content=\"summary_large_image\" \/>\n<meta name=\"twitter:label1\" content=\"Geschrieben von\" \/>\n\t<meta name=\"twitter:data1\" content=\"admin\" \/>\n\t<meta name=\"twitter:label2\" content=\"Gesch\u00e4tzte Lesezeit\" \/>\n\t<meta name=\"twitter:data2\" content=\"1\u00a0Minute\" \/>\n<script type=\"application\/ld+json\" class=\"yoast-schema-graph\">{\"@context\":\"https:\/\/schema.org\",\"@graph\":[{\"@type\":\"Article\",\"@id\":\"https:\/\/www.kita-gwunderland.ch\/go\/index.php\/2023\/04\/25\/schuelerhort-weesen-ab-august-2023\/#article\",\"isPartOf\":{\"@id\":\"https:\/\/www.kita-gwunderland.ch\/go\/index.php\/2023\/04\/25\/schuelerhort-weesen-ab-august-2023\/\"},\"author\":{\"name\":\"admin\",\"@id\":\"https:\/\/www.kita-gwunderland.ch\/go\/#\/schema\/person\/d30c4771db8de5a8405ce897a4f9f02c\"},\"headline\":\"Neuer\u00f6ffnung Sch\u00fclerhort in Weesen\",\"datePublished\":\"2023-04-25T18:17:52+00:00\",\"dateModified\":\"2024-08-29T18:09:17+00:00\",\"mainEntityOfPage\":{\"@id\":\"https:\/\/www.kita-gwunderland.ch\/go\/index.php\/2023\/04\/25\/schuelerhort-weesen-ab-august-2023\/\"},\"wordCount\":63,\"commentCount\":0,\"publisher\":{\"@id\":\"https:\/\/www.kita-gwunderland.ch\/go\/#organization\"},\"image\":{\"@id\":\"https:\/\/www.kita-gwunderland.ch\/go\/index.php\/2023\/04\/25\/schuelerhort-weesen-ab-august-2023\/#primaryimage\"},\"thumbnailUrl\":\"https:\/\/www.kita-gwunderland.ch\/go\/wp-content\/uploads\/2023\/04\/Logo_News.jpg\",\"articleSection\":[\"NEWS\"],\"inLanguage\":\"de-CH\",\"potentialAction\":[{\"@type\":\"CommentAction\",\"name\":\"Comment\",\"target\":[\"https:\/\/www.kita-gwunderland.ch\/go\/index.php\/2023\/04\/25\/schuelerhort-weesen-ab-august-2023\/#respond\"]}]},{\"@type\":\"WebPage\",\"@id\":\"https:\/\/www.kita-gwunderland.ch\/go\/index.php\/2023\/04\/25\/schuelerhort-weesen-ab-august-2023\/\",\"url\":\"https:\/\/www.kita-gwunderland.ch\/go\/index.php\/2023\/04\/25\/schuelerhort-weesen-ab-august-2023\/\",\"name\":\"Neuer\u00f6ffnung Sch\u00fclerhort in Weesen - Kita Gwunderland\",\"isPartOf\":{\"@id\":\"https:\/\/www.kita-gwunderland.ch\/go\/#website\"},\"primaryImageOfPage\":{\"@id\":\"https:\/\/www.kita-gwunderland.ch\/go\/index.php\/2023\/04\/25\/schuelerhort-weesen-ab-august-2023\/#primaryimage\"},\"image\":{\"@id\":\"https:\/\/www.kita-gwunderland.ch\/go\/index.php\/2023\/04\/25\/schuelerhort-weesen-ab-august-2023\/#primaryimage\"},\"thumbnailUrl\":\"https:\/\/www.kita-gwunderland.ch\/go\/wp-content\/uploads\/2023\/04\/Logo_News.jpg\",\"datePublished\":\"2023-04-25T18:17:52+00:00\",\"dateModified\":\"2024-08-29T18:09:17+00:00\",\"breadcrumb\":{\"@id\":\"https:\/\/www.kita-gwunderland.ch\/go\/index.php\/2023\/04\/25\/schuelerhort-weesen-ab-august-2023\/#breadcrumb\"},\"inLanguage\":\"de-CH\",\"potentialAction\":[{\"@type\":\"ReadAction\",\"target\":[\"https:\/\/www.kita-gwunderland.ch\/go\/index.php\/2023\/04\/25\/schuelerhort-weesen-ab-august-2023\/\"]}]},{\"@type\":\"ImageObject\",\"inLanguage\":\"de-CH\",\"@id\":\"https:\/\/www.kita-gwunderland.ch\/go\/index.php\/2023\/04\/25\/schuelerhort-weesen-ab-august-2023\/#primaryimage\",\"url\":\"https:\/\/www.kita-gwunderland.ch\/go\/wp-content\/uploads\/2023\/04\/Logo_News.jpg\",\"contentUrl\":\"https:\/\/www.kita-gwunderland.ch\/go\/wp-content\/uploads\/2023\/04\/Logo_News.jpg\",\"width\":582,\"height\":398},{\"@type\":\"BreadcrumbList\",\"@id\":\"https:\/\/www.kita-gwunderland.ch\/go\/index.php\/2023\/04\/25\/schuelerhort-weesen-ab-august-2023\/#breadcrumb\",\"itemListElement\":[{\"@type\":\"ListItem\",\"position\":1,\"name\":\"Home\",\"item\":\"https:\/\/www.kita-gwunderland.ch\/go\/\"},{\"@type\":\"ListItem\",\"position\":2,\"name\":\"Neuer\u00f6ffnung Sch\u00fclerhort in Weesen\"}]},{\"@type\":\"WebSite\",\"@id\":\"https:\/\/www.kita-gwunderland.ch\/go\/#website\",\"url\":\"https:\/\/www.kita-gwunderland.ch\/go\/\",\"name\":\"Kita Gwunderland\",\"description\":\"\",\"publisher\":{\"@id\":\"https:\/\/www.kita-gwunderland.ch\/go\/#organization\"},\"potentialAction\":[{\"@type\":\"SearchAction\",\"target\":{\"@type\":\"EntryPoint\",\"urlTemplate\":\"https:\/\/www.kita-gwunderland.ch\/go\/?s={search_term_string}\"},\"query-input\":{\"@type\":\"PropertyValueSpecification\",\"valueRequired\":true,\"valueName\":\"search_term_string\"}}],\"inLanguage\":\"de-CH\"},{\"@type\":\"Organization\",\"@id\":\"https:\/\/www.kita-gwunderland.ch\/go\/#organization\",\"name\":\"Kita Gwunderland\",\"url\":\"https:\/\/www.kita-gwunderland.ch\/go\/\",\"logo\":{\"@type\":\"ImageObject\",\"inLanguage\":\"de-CH\",\"@id\":\"https:\/\/www.kita-gwunderland.ch\/go\/#\/schema\/logo\/image\/\",\"url\":\"https:\/\/www.kita-gwunderland.ch\/go\/wp-content\/uploads\/2022\/01\/cropped-cropped-Logo.jpg\",\"contentUrl\":\"https:\/\/www.kita-gwunderland.ch\/go\/wp-content\/uploads\/2022\/01\/cropped-cropped-Logo.jpg\",\"width\":1294,\"height\":575,\"caption\":\"Kita Gwunderland\"},\"image\":{\"@id\":\"https:\/\/www.kita-gwunderland.ch\/go\/#\/schema\/logo\/image\/\"}},{\"@type\":\"Person\",\"@id\":\"https:\/\/www.kita-gwunderland.ch\/go\/#\/schema\/person\/d30c4771db8de5a8405ce897a4f9f02c\",\"name\":\"admin\",\"image\":{\"@type\":\"ImageObject\",\"inLanguage\":\"de-CH\",\"@id\":\"https:\/\/www.kita-gwunderland.ch\/go\/#\/schema\/person\/image\/\",\"url\":\"https:\/\/secure.gravatar.com\/avatar\/99aa2d0fbac03065e937fa366e83ce8caa46b31bacc1ae5024a0dec56fd640ac?s=96&d=mm&r=g\",\"contentUrl\":\"https:\/\/secure.gravatar.com\/avatar\/99aa2d0fbac03065e937fa366e83ce8caa46b31bacc1ae5024a0dec56fd640ac?s=96&d=mm&r=g\",\"caption\":\"admin\"},\"sameAs\":[\"https:\/\/www.kita-gwunderland.ch\/go\"],\"url\":\"https:\/\/www.kita-gwunderland.ch\/go\/index.php\/author\/kitagwunder\/\"}]}<\/script>\n<!-- \/ Yoast SEO plugin. -->","yoast_head_json":{"title":"Neuer\u00f6ffnung Sch\u00fclerhort in Weesen - Kita Gwunderland","robots":{"index":"index","follow":"follow","max-snippet":"max-snippet:-1","max-image-preview":"max-image-preview:large","max-video-preview":"max-video-preview:-1"},"canonical":"https:\/\/www.kita-gwunderland.ch\/go\/index.php\/2023\/04\/25\/schuelerhort-weesen-ab-august-2023\/","og_locale":"de_DE","og_type":"article","og_title":"Neuer\u00f6ffnung Sch\u00fclerhort in Weesen - Kita Gwunderland","og_description":"Ab August 2023 d\u00fcrfen wir im Auftrag der Primarschule Weesen in den Schulr\u00e4umlichkeiten in Weesen einen Sch\u00fclerhort betreiben.\u00a0 Die Dokumente werden aktuell neu erstellt. Der neue Sch\u00fclerhort in Weesen wird grunds\u00e4tzlich wie der bestehende Sch\u00fclerhort in Sch\u00e4nis betrieben. Informationen zu den aktuell g\u00fcltigen Tarifen bzw. den Betreuungsbedingungen erhalten Sie hier.","og_url":"https:\/\/www.kita-gwunderland.ch\/go\/index.php\/2023\/04\/25\/schuelerhort-weesen-ab-august-2023\/","og_site_name":"Kita Gwunderland","article_published_time":"2023-04-25T18:17:52+00:00","article_modified_time":"2024-08-29T18:09:17+00:00","og_image":[{"width":582,"height":398,"url":"https:\/\/www.kita-gwunderland.ch\/go\/wp-content\/uploads\/2023\/04\/Logo_News.jpg","type":"image\/jpeg"}],"author":"admin","twitter_card":"summary_large_image","twitter_misc":{"Geschrieben von":"admin","Gesch\u00e4tzte Lesezeit":"1\u00a0Minute"},"schema":{"@context":"https:\/\/schema.org","@graph":[{"@type":"Article","@id":"https:\/\/www.kita-gwunderland.ch\/go\/index.php\/2023\/04\/25\/schuelerhort-weesen-ab-august-2023\/#article","isPartOf":{"@id":"https:\/\/www.kita-gwunderland.ch\/go\/index.php\/2023\/04\/25\/schuelerhort-weesen-ab-august-2023\/"},"author":{"name":"admin","@id":"https:\/\/www.kita-gwunderland.ch\/go\/#\/schema\/person\/d30c4771db8de5a8405ce897a4f9f02c"},"headline":"Neuer\u00f6ffnung Sch\u00fclerhort in Weesen","datePublished":"2023-04-25T18:17:52+00:00","dateModified":"2024-08-29T18:09:17+00:00","mainEntityOfPage":{"@id":"https:\/\/www.kita-gwunderland.ch\/go\/index.php\/2023\/04\/25\/schuelerhort-weesen-ab-august-2023\/"},"wordCount":63,"commentCount":0,"publisher":{"@id":"https:\/\/www.kita-gwunderland.ch\/go\/#organization"},"image":{"@id":"https:\/\/www.kita-gwunderland.ch\/go\/index.php\/2023\/04\/25\/schuelerhort-weesen-ab-august-2023\/#primaryimage"},"thumbnailUrl":"https:\/\/www.kita-gwunderland.ch\/go\/wp-content\/uploads\/2023\/04\/Logo_News.jpg","articleSection":["NEWS"],"inLanguage":"de-CH","potentialAction":[{"@type":"CommentAction","name":"Comment","target":["https:\/\/www.kita-gwunderland.ch\/go\/index.php\/2023\/04\/25\/schuelerhort-weesen-ab-august-2023\/#respond"]}]},{"@type":"WebPage","@id":"https:\/\/www.kita-gwunderland.ch\/go\/index.php\/2023\/04\/25\/schuelerhort-weesen-ab-august-2023\/","url":"https:\/\/www.kita-gwunderland.ch\/go\/index.php\/2023\/04\/25\/schuelerhort-weesen-ab-august-2023\/","name":"Neuer\u00f6ffnung Sch\u00fclerhort in Weesen - Kita Gwunderland","isPartOf":{"@id":"https:\/\/www.kita-gwunderland.ch\/go\/#website"},"primaryImageOfPage":{"@id":"https:\/\/www.kita-gwunderland.ch\/go\/index.php\/2023\/04\/25\/schuelerhort-weesen-ab-august-2023\/#primaryimage"},"image":{"@id":"https:\/\/www.kita-gwunderland.ch\/go\/index.php\/2023\/04\/25\/schuelerhort-weesen-ab-august-2023\/#primaryimage"},"thumbnailUrl":"https:\/\/www.kita-gwunderland.ch\/go\/wp-content\/uploads\/2023\/04\/Logo_News.jpg","datePublished":"2023-04-25T18:17:52+00:00","dateModified":"2024-08-29T18:09:17+00:00","breadcrumb":{"@id":"https:\/\/www.kita-gwunderland.ch\/go\/index.php\/2023\/04\/25\/schuelerhort-weesen-ab-august-2023\/#breadcrumb"},"inLanguage":"de-CH","potentialAction":[{"@type":"ReadAction","target":["https:\/\/www.kita-gwunderland.ch\/go\/index.php\/2023\/04\/25\/schuelerhort-weesen-ab-august-2023\/"]}]},{"@type":"ImageObject","inLanguage":"de-CH","@id":"https:\/\/www.kita-gwunderland.ch\/go\/index.php\/2023\/04\/25\/schuelerhort-weesen-ab-august-2023\/#primaryimage","url":"https:\/\/www.kita-gwunderland.ch\/go\/wp-content\/uploads\/2023\/04\/Logo_News.jpg","contentUrl":"https:\/\/www.kita-gwunderland.ch\/go\/wp-content\/uploads\/2023\/04\/Logo_News.jpg","width":582,"height":398},{"@type":"BreadcrumbList","@id":"https:\/\/www.kita-gwunderland.ch\/go\/index.php\/2023\/04\/25\/schuelerhort-weesen-ab-august-2023\/#breadcrumb","itemListElement":[{"@type":"ListItem","position":1,"name":"Home","item":"https:\/\/www.kita-gwunderland.ch\/go\/"},{"@type":"ListItem","position":2,"name":"Neuer\u00f6ffnung Sch\u00fclerhort in Weesen"}]},{"@type":"WebSite","@id":"https:\/\/www.kita-gwunderland.ch\/go\/#website","url":"https:\/\/www.kita-gwunderland.ch\/go\/","name":"Kita Gwunderland","description":"","publisher":{"@id":"https:\/\/www.kita-gwunderland.ch\/go\/#organization"},"potentialAction":[{"@type":"SearchAction","target":{"@type":"EntryPoint","urlTemplate":"https:\/\/www.kita-gwunderland.ch\/go\/?s={search_term_string}"},"query-input":{"@type":"PropertyValueSpecification","valueRequired":true,"valueName":"search_term_string"}}],"inLanguage":"de-CH"},{"@type":"Organization","@id":"https:\/\/www.kita-gwunderland.ch\/go\/#organization","name":"Kita Gwunderland","url":"https:\/\/www.kita-gwunderland.ch\/go\/","logo":{"@type":"ImageObject","inLanguage":"de-CH","@id":"https:\/\/www.kita-gwunderland.ch\/go\/#\/schema\/logo\/image\/","url":"https:\/\/www.kita-gwunderland.ch\/go\/wp-content\/uploads\/2022\/01\/cropped-cropped-Logo.jpg","contentUrl":"https:\/\/www.kita-gwunderland.ch\/go\/wp-content\/uploads\/2022\/01\/cropped-cropped-Logo.jpg","width":1294,"height":575,"caption":"Kita Gwunderland"},"image":{"@id":"https:\/\/www.kita-gwunderland.ch\/go\/#\/schema\/logo\/image\/"}},{"@type":"Person","@id":"https:\/\/www.kita-gwunderland.ch\/go\/#\/schema\/person\/d30c4771db8de5a8405ce897a4f9f02c","name":"admin","image":{"@type":"ImageObject","inLanguage":"de-CH","@id":"https:\/\/www.kita-gwunderland.ch\/go\/#\/schema\/person\/image\/","url":"https:\/\/secure.gravatar.com\/avatar\/99aa2d0fbac03065e937fa366e83ce8caa46b31bacc1ae5024a0dec56fd640ac?s=96&d=mm&r=g","contentUrl":"https:\/\/secure.gravatar.com\/avatar\/99aa2d0fbac03065e937fa366e83ce8caa46b31bacc1ae5024a0dec56fd640ac?s=96&d=mm&r=g","caption":"admin"},"sameAs":["https:\/\/www.kita-gwunderland.ch\/go"],"url":"https:\/\/www.kita-gwunderland.ch\/go\/index.php\/author\/kitagwunder\/"}]}},"acf":[],"_links":{"self":[{"href":"https:\/\/www.kita-gwunderland.ch\/go\/index.php\/wp-json\/wp\/v2\/posts\/1745","targetHints":{"allow":["GET"]}}],"collection":[{"href":"https:\/\/www.kita-gwunderland.ch\/go\/index.php\/wp-json\/wp\/v2\/posts"}],"about":[{"href":"https:\/\/www.kita-gwunderland.ch\/go\/index.php\/wp-json\/wp\/v2\/types\/post"}],"author":[{"embeddable":true,"href":"https:\/\/www.kita-gwunderland.ch\/go\/index.php\/wp-json\/wp\/v2\/users\/1"}],"replies":[{"embeddable":true,"href":"https:\/\/www.kita-gwunderland.ch\/go\/index.php\/wp-json\/wp\/v2\/comments?post=1745"}],"version-history":[{"count":9,"href":"https:\/\/www.kita-gwunderland.ch\/go\/index.php\/wp-json\/wp\/v2\/posts\/1745\/revisions"}],"predecessor-version":[{"id":2654,"href":"https:\/\/www.kita-gwunderland.ch\/go\/index.php\/wp-json\/wp\/v2\/posts\/1745\/revisions\/2654"}],"wp:featuredmedia":[{"embeddable":true,"href":"https:\/\/www.kita-gwunderland.ch\/go\/index.php\/wp-json\/wp\/v2\/media\/2162"}],"wp:attachment":[{"href":"https:\/\/www.kita-gwunderland.ch\/go\/index.php\/wp-json\/wp\/v2\/media?parent=1745"}],"wp:term":[{"taxonomy":"category","embeddable":true,"href":"https:\/\/www.kita-gwunderland.ch\/go\/index.php\/wp-json\/wp\/v2\/categories?post=1745"},{"taxonomy":"post_tag","embeddable":true,"href":"https:\/\/www.kita-gwunderland.ch\/go\/index.php\/wp-json\/wp\/v2\/tags?post=1745"}],"curies":[{"name":"wp","href":"https:\/\/api.w.org\/{rel}","templated":true}]}}